{"id":3,"date":"2018-11-23T10:53:01","date_gmt":"2018-11-23T10:53:01","guid":{"rendered":"https:\/\/2019.bilbao.wordcamp.org\/2018\/11\/23\/welcome-to-wordcamp-bilbao-2019\/"},"modified":"2019-03-06T13:44:03","modified_gmt":"2019-03-06T12:44:03","slug":"welcome-to-wordcamp-bilbao-2019","status":"publish","type":"post","link":"https:\/\/bilbao.wordcamp.org\/2019\/welcome-to-wordcamp-bilbao-2019\/","title":{"rendered":"Bienvenidos a WordCamp Bilbao 2019"},"content":{"rendered":"<p>\u00a1Estamos enormemente emocionados de poder anunciaros el lanzamiento de\u00a0<a href=\"https:\/\/2019.bilbao.wordcamp.org\/\">WordCamp Bilbao 2019<\/a>!<\/p>\n<p>Esta ser\u00e1\u00a0 la cuarta ocasi\u00f3n en la que tengamos el placer de anunciar que se celebra una WordCamp en Bilbao. Tendremos la ocasi\u00f3n de aprender y compartir conocimientos y , por supuesto, divertirnos.<\/p>\n<h2>\u00bfCu\u00e1ndo?<\/h2>\n<p><strong>WordCamp Bilbao 2019<\/strong>\u00a0se celebrar\u00e1 los d\u00edas <strong>27 y 28 de abril<\/strong>, una fecha ideal para todos aquellos que quieran quieran disfrutar de un fin de semana en Bilbao aprendiendo sobre WordPress y conociendo a todos los miembros de la comunidad WordPress.<\/p>\n<p><strong>Conferencias:<\/strong> S\u00e1bado 27 de abril<br \/>\n<strong>D\u00eda de Comunidad:<\/strong> Domingo 28 de abril<\/p>\n<h2>\u00bfD\u00f3nde?<\/h2>\n<p>El espacio escogido para esta nueva edici\u00f3n ser\u00e1n las instalaciones del <strong>Museo Mar\u00edtimo R\u00eda de Bilbao<\/strong>.<\/p>\n<p><img loading=\"lazy\" decoding=\"async\" class=\"alignnone size-full wp-image-644\" src=\"https:\/\/2018.bilbao.wordcamp.org\/files\/2018\/04\/Bilbao_-_Museo_Mar\u00edtimo_R\u00eda_de_Bilbao_01.jpg\" alt=\"\" width=\"800\" height=\"480\" \/><\/p>\n<ul>\n<li>Museo Mar\u00edtimo R\u00eda de Bilbao<\/li>\n<\/ul>\n<p><strong>Todo empieza aqu\u00ed mismo<\/strong><\/p>\n<p>Os iremos informando sobre todas las novedades en los pr\u00f3ximos d\u00edas: convocatoria para ponentes, patrocinadores, voluntarios, \u00faltimas noticias y todas las novedades.<\/p>\n<p>Las entradas para la WordCamp Bilbao 2019 se pondr\u00e1n a la venta pr\u00f3ximamente, as\u00ed que permanece atento. \u00a1Te esperamos!<\/p>\n<h3>Mantente informado<\/h3>\n<p>Podr\u00e1s seguir todas las novedades en la cuenta de Twitter de <a href=\"https:\/\/twitter.com\/WCBilbao\" target=\"_blank\" rel=\"noopener noreferrer\">@WCBilbao<\/a> y en el hashtag <a href=\"https:\/\/twitter.com\/search?f=tweets&amp;q=%23WCBilbao&amp;src=typd\" target=\"_blank\" rel=\"noopener noreferrer\">#WCBilbao<\/a>.<\/p>\n<p>Suscr\u00edbete en el formulario de la barra lateral para estar al d\u00eda de las novedades. Te mantendremos informado sobre todos los detalles durante los pr\u00f3ximos d\u00edas.<\/p>\n","protected":false},"excerpt":{"rendered":"<p>\u00a1Estamos enormemente emocionados de poder anunciaros el lanzamiento de\u00a0WordCamp Bilbao 2019! Esta ser\u00e1\u00a0 la cuarta ocasi\u00f3n en la que tengamos el placer de anunciar que se celebra una WordCamp en Bilbao. Tendremos la ocasi\u00f3n de aprender y compartir conocimientos y , por supuesto, divertirnos. \u00bfCu\u00e1ndo? WordCamp Bilbao 2019\u00a0se celebrar\u00e1 los d\u00edas 27 y 28 de &hellip; <\/p>\n<p class=\"link-more\"><a href=\"https:\/\/bilbao.wordcamp.org\/2019\/welcome-to-wordcamp-bilbao-2019\/\" class=\"more-link\">Continuar leyendo<span class=\"screen-reader-text\"> \u00abBienvenidos a WordCamp Bilbao 2019\u00bb<\/span><\/a><\/p>\n","protected":false},"author":13545685,"featured_media":0,"comment_status":"open","ping_status":"open","sticky":false,"template":"","format":"standard","meta":{"_crdt_document":"","jetpack_post_was_ever_published":false,"_jetpack_newsletter_access":"","_jetpack_dont_email_post_to_subs":false,"_jetpack_newsletter_tier_id":0,"_jetpack_memberships_contains_paywalled_content":false,"_jetpack_memberships_contains_paid_content":false,"footnotes":""},"categories":[1],"tags":[],"class_list":["post-3","post","type-post","status-publish","format-standard","hentry","category-uncategorized"],"jetpack_featured_media_url":"","jetpack_sharing_enabled":true,"jetpack_shortlink":"https:\/\/wp.me\/paxzwU-3","_links":{"self":[{"href":"https:\/\/bilbao.wordcamp.org\/2019\/wp-json\/wp\/v2\/posts\/3","targetHints":{"allow":["GET"]}}],"collection":[{"href":"https:\/\/bilbao.wordcamp.org\/2019\/wp-json\/wp\/v2\/posts"}],"about":[{"href":"https:\/\/bilbao.wordcamp.org\/2019\/wp-json\/wp\/v2\/types\/post"}],"author":[{"embeddable":true,"href":"https:\/\/bilbao.wordcamp.org\/2019\/wp-json\/wp\/v2\/users\/13545685"}],"replies":[{"embeddable":true,"href":"https:\/\/bilbao.wordcamp.org\/2019\/wp-json\/wp\/v2\/comments?post=3"}],"version-history":[{"count":3,"href":"https:\/\/bilbao.wordcamp.org\/2019\/wp-json\/wp\/v2\/posts\/3\/revisions"}],"predecessor-version":[{"id":319,"href":"https:\/\/bilbao.wordcamp.org\/2019\/wp-json\/wp\/v2\/posts\/3\/revisions\/319"}],"wp:attachment":[{"href":"https:\/\/bilbao.wordcamp.org\/2019\/wp-json\/wp\/v2\/media?parent=3"}],"wp:term":[{"taxonomy":"category","embeddable":true,"href":"https:\/\/bilbao.wordcamp.org\/2019\/wp-json\/wp\/v2\/categories?post=3"},{"taxonomy":"post_tag","embeddable":true,"href":"https:\/\/bilbao.wordcamp.org\/2019\/wp-json\/wp\/v2\/tags?post=3"}],"curies":[{"name":"wp","href":"https:\/\/api.w.org\/{rel}","templated":true}]}}