{"id":5,"date":"2019-02-22T00:12:44","date_gmt":"2019-02-21T23:12:44","guid":{"rendered":"https:\/\/2019.bilbao.wordcamp.org\/?p=5"},"modified":"2019-03-19T23:39:16","modified_gmt":"2019-03-19T22:39:16","slug":"llamada-a-ponentes","status":"publish","type":"post","link":"https:\/\/bilbao.wordcamp.org\/2019\/llamada-a-ponentes\/","title":{"rendered":"Llamada a Ponentes"},"content":{"rendered":"<h3>Plazo finalizado para la Llamada a Ponentes<\/h3>\n<p>En breve el programa ser\u00e1 publicado en este mismo sitio web.<\/p>\n<p>Para esta cuarta edici\u00f3n de\u00a0<strong>WordCamp Bilbao<\/strong>\u00a0queremos tener la mejor selecci\u00f3n de ponentes posible y creemos firmemente en que con tu participaci\u00f3n,\u00a0 podemos hacerlo realidad.<\/p>\n<p>El evento tendr\u00e1 lugar los d\u00edas <strong>27 y 28 de abril<\/strong>\u00a0de 2019 en el <strong>Museo Mar\u00edtimo R\u00eda de Bilbao <\/strong>donde nos reuniremos un enorme grupo de dise\u00f1adores, desarrolladores, emprendedores, empresarios, bloggers y formadores cuya pasi\u00f3n por WordPress les har\u00e1\u00a0viajar hasta Bilbao.<\/p>\n<p>Si tienes unos <strong>conocimientos m\u00ednimos de WordPress<\/strong> puedes enviar tu solicitud como ponente con cualquier tema relacionado con este popular gestor de contenidos. <strong>No es necesario que seas un experto en WordPress<\/strong>, o que trabajes a diario con la herramienta, basta con que lo utilices a nivel profesional o que simplemente sea parte de tus aficiones.<\/p>\n<p>Te estamos esperando, \u00a1an\u00edmate!<\/p>\n<p><!--more--><\/p>\n<h2>\u00bfQu\u00e9 estamos buscando?<\/h2>\n<p>Esta edici\u00f3n queremos que <strong>WordCamp Bilbao 2019<\/strong>\u00a0sea diferente. Nos gustar\u00eda cubrir las necesidades, gustos y preferencias del p\u00fablico de la mejor de las maneras imaginables. Creemos que WordPress es un sistema maravilloso que es capaz de ayudarnos en nuestro trabajo diario y que puede incluso brindarnos magn\u00edficas oportunidades profesionales.<\/p>\n<p>Nos gustar\u00eda contar durante el evento con <strong>dos perfiles claramente diferenciados<\/strong>, que tendr\u00e1n representaci\u00f3n en dos tracks de ponencias diferentes. Queremos que independientemente de cu\u00e1l sea tu perfil te encuentren c\u00f3modo con los temas y materias que se traten durante toda la jornada y que puedas sacar el mayor provecho del evento tanto a nivel de conocimientos, como a nivel de contactos y comunidad.<\/p>\n<p>En esta edici\u00f3n queremos orientar las charlas a estos dos grandes \u00e1mbitos:<\/p>\n<ul>\n<li><strong>Marketing y Negocios Digitales<\/strong><\/li>\n<li><strong>Dise\u00f1o y Desarrollo Web<\/strong><\/li>\n<\/ul>\n<p>\u00bfYa tienes algo en mente? Entonces, \u00bfa qu\u00e9 est\u00e1s esperando? \u00a1Env\u00eda tu propuesta ya!<\/p>\n<p>Para ayudarte a preparar tu solicitud como ponente, te presentamos algunos temas de ejemplo que creemos ser\u00edan interesantes para los asistentes. En cualquier caso, son solo sugerencias. Cualquier idea ser\u00e1 bienvenida<\/p>\n<h3>Negocios Digitales<\/h3>\n<ul>\n<li>Estrategias para el crecimiento del negocio y retos de crecimiento (historias reales y casos de estudio)<\/li>\n<li>Gesti\u00f3n de equipos, atenci\u00f3n al cliente, equipos de trabajo en remoto\u2026<\/li>\n<li>Estrategias de producto (an\u00e1lisis de competidores, diferenciaci\u00f3n, etc)<\/li>\n<li>Gesti\u00f3n de marca y reputaci\u00f3n online (c\u00f3mo construir una marca fuerte, gesti\u00f3n de crisis, etc)<\/li>\n<li>Consejos de optimizaci\u00f3n de negocio para desarrolladores freelance y agencias<\/li>\n<li>&#8230;<\/li>\n<\/ul>\n<h3>Marketing Online<\/h3>\n<ul>\n<li>Estrategias de contenido online<\/li>\n<li>SEO y SEM<\/li>\n<li>Growth hacking,\u00a0Email Marketing, Social Selling<\/li>\n<li>Gesti\u00f3n de comunidades online<\/li>\n<li>Anal\u00edtica web<\/li>\n<li>&#8230;<\/li>\n<\/ul>\n<h3>Desarrollo<\/h3>\n<ul>\n<li>Nuevos lenguajes, herramientas o utilidades que nos ayuden a ser mejores desarrolladores WordPress.<\/li>\n<li>Novedades en WordPress REST API, Gutenberg,<\/li>\n<li>Utilizar las herramientas JavaScript modernas para desarrollar front-end con WordPress.<\/li>\n<li>Gestionar proyectos de WordPress realmente grandes -tanto a nivel de equipo como de reto tecnol\u00f3gico, como de aplicaciones web complejas.<\/li>\n<li>Testing y automatizaci\u00f3n de controles de calidad<\/li>\n<li>&#8230;<\/li>\n<\/ul>\n<h3>Dise\u00f1o web<\/h3>\n<ul>\n<li>T\u00e9cnicas efectivas de dise\u00f1o (mobile-first, data-driven design, etc)<\/li>\n<li>Dise\u00f1ando experiencias de usuario para m\u00faltiples dispositivos\/plataformas.<\/li>\n<li>Nuevas tendencias en los est\u00e1ndares web y c\u00f3mo hacer buen uso de ellas (HTML5, CSS, SVG)<\/li>\n<li>Responsive web design y tipograf\u00edas en la web<\/li>\n<li>&#8230;<\/li>\n<\/ul>\n<p>Estos temas son s\u00f3lo para inspirarse. Queremos que tu propuesta se base en tu experiencia, no en lo que crees que queremos ver.<\/p>\n<p>Si quieres discutir tu idea antes de enviar tu propuesta, escr\u00edbenos desde la p\u00e1gina de <a href=\"\/contacto\/\" target=\"_blank\" rel=\"noopener noreferrer\">contacto<\/a>\u00a0y estaremos encantados en ayudarte a preparar tu solicitud.<\/p>\n<h2>Selecci\u00f3n de propuestas<\/h2>\n<p>La recepci\u00f3n de propuestas estar\u00e1 abierta hasta el <strong>d\u00eda 18 de marzo<\/strong>, aunque esperamos tener el programa cerrado para esa fecha. Cuanto antes la env\u00edes m\u00e1s posibilidades tendr\u00e1s de ser seleccionado o seleccionada.<\/p>\n<p>Quiz\u00e1s a estas alturas, probablemente est\u00e9s pensando que no encajes en el perfil para ser ponente en una WordCamp. \u00a1Te equivocas!<\/p>\n<h3>Perfiles diversos<\/h3>\n<p>Buscamos perfiles de todo tipo, seguro que puedes encontrarte reflejado en alguno de ellos. Dise\u00f1adores web, programadores, desarrolladores, implementadores WordPress, dise\u00f1adores gr\u00e1ficos, agencias digitales, inform\u00e1ticos, administradores\u00a0 de sistemas, <em>full stack developers<\/em>,\u00a0<em>freelancers<\/em>, aut\u00f3nomos, <em>community managers<\/em>, copywriters, expertos en SEO, gestores de campa\u00f1as de publicidad, gestores de cuentas, <em>product managers<\/em>, <em>project managers<\/em>, <em>social media managers<\/em>, pero tambi\u00e9n cualquier otro profesional que use WordPress en su trabajo y tenga <strong>ganas de contarnos su experiencia<\/strong> y <strong>compartir sus conocimientos<\/strong>.<\/p>\n<p>Como puedes comprobar, buscamos <strong>diversidad<\/strong>.<\/p>\n<h3>Ponentes locales<\/h3>\n<p>Pero a\u00fan hay m\u00e1s, esta edici\u00f3n queremos centrarnos en los profesionales de nuestro \u00e1rea. Si vives o trabajas en Bilbao y alrededores o desarrollas tu actividad profesional en la provincia de Bizkaia, queremos darte la proyecci\u00f3n que mereces. Es por ese motivo que tendremos en cuenta especialmente en el proceso de selecci\u00f3n si entras dentro del <strong>grupo de ponentes locales<\/strong>, para que puedas compartir tus conocimientos con la comunidad m\u00e1s cercana.<\/p>\n<p>Aunque estamos abiertos a cualquier tipo de candidatura, queremos que esta WordCamp Bilbao 2019, sea una WordCamp de Bilbao, en todos los sentidos, as\u00ed que si est\u00e1s pensando en enviar tu solicitud. \u00a1No lo pienses m\u00e1s!<\/p>\n<h2>Env\u00eda tu propuesta ahora<\/h2>\n<p>Recuerda que tienes como <strong>fecha l\u00edmite el 18 de marzo<\/strong> para enviar tu propuesta. Si quieres proponer varias ideas, por favor env\u00edalas en diferentes formularios.<\/p>\n<p>No dudes en trasladarnos cualquier cuesti\u00f3n desde la p\u00e1gina de <a href=\"\/contacto\/\" target=\"_blank\" rel=\"noopener noreferrer\">contacto<\/a><\/p>\n<p>\u00a1Estamos encantados de recibir tu solicitud!<\/p>\n<h3>Plazo finalizado para la Llamada a Ponentes<\/h3>\n<p>En breve el programa ser\u00e1 publicado en este mismo sitio web.<\/p>\n","protected":false},"excerpt":{"rendered":"<p>Plazo finalizado para la Llamada a Ponentes En breve el programa ser\u00e1 publicado en este mismo sitio web. Para esta cuarta edici\u00f3n de\u00a0WordCamp Bilbao\u00a0queremos tener la mejor selecci\u00f3n de ponentes posible y creemos firmemente en que con tu participaci\u00f3n,\u00a0 podemos hacerlo realidad. El evento tendr\u00e1 lugar los d\u00edas 27 y 28 de abril\u00a0de 2019 en &hellip; <\/p>\n<p class=\"link-more\"><a href=\"https:\/\/bilbao.wordcamp.org\/2019\/llamada-a-ponentes\/\" class=\"more-link\">Continuar leyendo<span class=\"screen-reader-text\"> \u00abLlamada a Ponentes\u00bb<\/span><\/a><\/p>\n","protected":false},"author":13545685,"featured_media":0,"comment_status":"closed","ping_status":"closed","sticky":false,"template":"","format":"standard","meta":{"_crdt_document":"","jetpack_post_was_ever_published":false,"_jetpack_newsletter_access":"","_jetpack_dont_email_post_to_subs":false,"_jetpack_newsletter_tier_id":0,"_jetpack_memberships_contains_paywalled_content":false,"_jetpack_memberships_contains_paid_content":false,"footnotes":""},"categories":[1],"tags":[],"class_list":["post-5","post","type-post","status-publish","format-standard","hentry","category-uncategorized"],"jetpack_featured_media_url":"","jetpack_sharing_enabled":true,"jetpack_shortlink":"https:\/\/wp.me\/paxzwU-5","_links":{"self":[{"href":"https:\/\/bilbao.wordcamp.org\/2019\/wp-json\/wp\/v2\/posts\/5","targetHints":{"allow":["GET"]}}],"collection":[{"href":"https:\/\/bilbao.wordcamp.org\/2019\/wp-json\/wp\/v2\/posts"}],"about":[{"href":"https:\/\/bilbao.wordcamp.org\/2019\/wp-json\/wp\/v2\/types\/post"}],"author":[{"embeddable":true,"href":"https:\/\/bilbao.wordcamp.org\/2019\/wp-json\/wp\/v2\/users\/13545685"}],"replies":[{"embeddable":true,"href":"https:\/\/bilbao.wordcamp.org\/2019\/wp-json\/wp\/v2\/comments?post=5"}],"version-history":[{"count":9,"href":"https:\/\/bilbao.wordcamp.org\/2019\/wp-json\/wp\/v2\/posts\/5\/revisions"}],"predecessor-version":[{"id":480,"href":"https:\/\/bilbao.wordcamp.org\/2019\/wp-json\/wp\/v2\/posts\/5\/revisions\/480"}],"wp:attachment":[{"href":"https:\/\/bilbao.wordcamp.org\/2019\/wp-json\/wp\/v2\/media?parent=5"}],"wp:term":[{"taxonomy":"category","embeddable":true,"href":"https:\/\/bilbao.wordcamp.org\/2019\/wp-json\/wp\/v2\/categories?post=5"},{"taxonomy":"post_tag","embeddable":true,"href":"https:\/\/bilbao.wordcamp.org\/2019\/wp-json\/wp\/v2\/tags?post=5"}],"curies":[{"name":"wp","href":"https:\/\/api.w.org\/{rel}","templated":true}]}}